{"id":2152,"date":"2022-11-18T17:59:34","date_gmt":"2022-11-18T20:59:34","guid":{"rendered":"https:\/\/annaosta.com.br\/site\/?p=2152"},"modified":"2024-05-23T09:34:04","modified_gmt":"2024-05-23T12:34:04","slug":"consciencia-negra","status":"publish","type":"post","link":"https:\/\/annaosta.com.br\/site\/consciencia-negra\/","title":{"rendered":"<strong><strong>Dia Nacional da Consci\u00eancia Negra<\/strong><\/strong>"},"content":{"rendered":"\t\t<div data-elementor-type=\"wp-post\" data-elementor-id=\"2152\" class=\"elementor elementor-2152\">\n\t\t\t\t\t\t<section class=\"elementor-section elementor-top-section elementor-element elementor-element-a43e291 elementor-section-boxed elementor-section-height-default elementor-section-height-default\" data-id=\"a43e291\" data-element_type=\"section\" data-e-type=\"section\">\n\t\t\t\t\t\t<div class=\"elementor-container elementor-column-gap-default\">\n\t\t\t\t\t<div class=\"elementor-column elementor-col-100 elementor-top-column elementor-element elementor-element-ae0734e\" data-id=\"ae0734e\" data-element_type=\"column\" data-e-type=\"column\">\n\t\t\t<div class=\"elementor-widget-wrap elementor-element-populated\">\n\t\t\t\t\t\t<div class=\"elementor-element elementor-element-2cbb23e elementor-widget elementor-widget-text-editor\" data-id=\"2cbb23e\" data-element_type=\"widget\" data-e-type=\"widget\" data-widget_type=\"text-editor.default\">\n\t\t\t\t<div class=\"elementor-widget-container\">\n\t\t\t\t\t\t\t\t\t<figure id=\"attachment_2156\" aria-describedby=\"caption-attachment-2156\" style=\"width: 300px\" class=\"wp-caption alignleft\"><img fetchpriority=\"high\" decoding=\"async\" class=\"wp-image-2156 size-medium\" src=\"https:\/\/annaosta.com.br\/site\/wp-content\/uploads\/2022\/11\/Maria-Firmina-2-300x300.png\" alt=\"\" width=\"300\" height=\"300\" srcset=\"https:\/\/annaosta.com.br\/site\/wp-content\/uploads\/2022\/11\/Maria-Firmina-2-300x300.png 300w, https:\/\/annaosta.com.br\/site\/wp-content\/uploads\/2022\/11\/Maria-Firmina-2-1024x1024.png 1024w, https:\/\/annaosta.com.br\/site\/wp-content\/uploads\/2022\/11\/Maria-Firmina-2-150x150.png 150w, https:\/\/annaosta.com.br\/site\/wp-content\/uploads\/2022\/11\/Maria-Firmina-2-768x768.png 768w, https:\/\/annaosta.com.br\/site\/wp-content\/uploads\/2022\/11\/Maria-Firmina-2.png 1080w\" sizes=\"(max-width: 300px) 100vw, 300px\" \/><figcaption id=\"caption-attachment-2156\" class=\"wp-caption-text\">Imagem de Maria Firmina dos Reis recriada por\u00a0Jo\u00e3o Gabriel dos Santos Ara\u00fajo<\/figcaption><\/figure><p>Mais que uma festa, a data foi pensada para marcar a promulga\u00e7\u00e3o da Lei n\u00ba 10.639\/2003, que previa o ensino obrigat\u00f3rio da \u201cHist\u00f3ria e Cultura Afro-Brasileira\u201d em todas as escolas do Brasil, onde mais de 56% da popula\u00e7\u00e3o se declaram pretos ou pardos. Como as leis n\u00e3o bastam, cinco anos depois, o Minist\u00e9rio da Educa\u00e7\u00e3o avaliou que a norma n\u00e3o havia surtido o efeito esperado por falta de capacita\u00e7\u00e3o dos educadores. N\u00e3o vamos lamentar, afinal a consci\u00eancia pressup\u00f5e luta.<\/p><p>A melhor not\u00edcia vem da Feira Liter\u00e1ria Internacional de Paraty, a Flip 2022, que se prop\u00f5e a dar visibilidade e voz ao que est\u00e1 nas margens, a come\u00e7ar por Maria Firmina dos Reis, a primeira romancista negra do Brasil, homenageada nesta 20\u00aa edi\u00e7\u00e3o do evento. Com seu romance \u201c\u00darsula\u201d, de 1859, Maria Firmina derrubou barreiras na literatura feminina e abolicionista.<\/p><p>\u201cPensamos em dar o recado do que essa Flip quer representar, j\u00e1 a partir da homenagem, e trazer para o centro uma autora que foi ignorada por muito tempo e que tem sido trazida \u00e0 tona e trabalhada, sobretudo, por pesquisadoras mulheres\u201d, explicou Fernanda Bastos, uma das curadoras do evento.<\/p><p>A programa\u00e7\u00e3o ter\u00e1 a participa\u00e7\u00e3o de nomes importantes como a francesa Annie Ernaux (Pr\u00eamio Nobel de Literatura 2022) e a cubana Teresa C\u00e1rdenas, voz central da literatura negra latino-americana.<\/p><p>A Flip 2022 come\u00e7a nesta quarta-feira (23) e vai at\u00e9 domingo (27), em Paraty\/RJ. Saiba mais no site oficial do evento: <span style=\"text-decoration: underline;\"><strong><a href=\"https:\/\/www.flip.org.br\/\">Home &#8211; Flip<\/a>.<\/strong><\/span><\/p>\t\t\t\t\t\t\t\t<\/div>\n\t\t\t\t<\/div>\n\t\t\t\t\t<\/div>\n\t\t<\/div>\n\t\t\t\t\t<\/div>\n\t\t<\/section>\n\t\t\t\t<\/div>\n\t\t","protected":false},"excerpt":{"rendered":"<p>Mais que uma festa, a data foi pensada para marcar a promulga\u00e7\u00e3o da Lei n\u00ba 10.639\/2003, que previa o ensino obrigat\u00f3rio da \u201cHist\u00f3ria e Cultura Afro-Brasileira\u201d em todas as escolas do Brasil, onde mais de 56% da popula\u00e7\u00e3o se declaram pretos ou pardos. Como as leis n\u00e3o bastam, cinco anos depois, o Minist\u00e9rio da Educa\u00e7\u00e3o [&hellip;]<\/p>\n","protected":false},"author":2,"featured_media":2171,"comment_status":"open","ping_status":"open","sticky":false,"template":"","format":"standard","meta":{"site-sidebar-layout":"default","site-content-layout":null,"ast-site-content-layout":"default","site-content-style":"default","site-sidebar-style":"default","ast-global-header-display":"","ast-banner-title-visibility":"","ast-main-header-display":"","ast-hfb-above-header-display":null,"ast-hfb-below-header-display":null,"ast-hfb-mobile-header-display":"","site-post-title":"","ast-breadcrumbs-content":null,"ast-featured-img":"disabled","footer-sml-layout":"","ast-disable-related-posts":"","theme-transparent-header-meta":"","adv-header-id-meta":null,"stick-header-meta":null,"header-above-stick-meta":null,"header-main-stick-meta":null,"header-below-stick-meta":null,"astra-migrate-meta-layouts":"default","ast-page-background-enabled":"default","ast-page-background-meta":{"desktop":{"background-color":"var(--ast-global-color-4)","background-image":"","background-repeat":"repeat","background-position":"center center","background-size":"auto","background-attachment":"scroll","background-type":"","background-media":"","overlay-type":"","overlay-color":"","overlay-opacity":"","overlay-gradient":""},"tablet":{"background-color":"","background-image":"","background-repeat":"repeat","background-position":"center center","background-size":"auto","background-attachment":"scroll","background-type":"","background-media":"","overlay-type":"","overlay-color":"","overlay-opacity":"","overlay-gradient":""},"mobile":{"background-color":"","background-image":"","background-repeat":"repeat","background-position":"center center","background-size":"auto","background-attachment":"scroll","background-type":"","background-media":"","overlay-type":"","overlay-color":"","overlay-opacity":"","overlay-gradient":""}},"ast-content-background-meta":{"desktop":{"background-color":"var(--ast-global-color-5)","background-image":"","background-repeat":"repeat","background-position":"center center","background-size":"auto","background-attachment":"scroll","background-type":"","background-media":"","overlay-type":"","overlay-color":"","overlay-opacity":"","overlay-gradient":""},"tablet":{"background-color":"var(--ast-global-color-5)","background-image":"","background-repeat":"repeat","background-position":"center center","background-size":"auto","background-attachment":"scroll","background-type":"","background-media":"","overlay-type":"","overlay-color":"","overlay-opacity":"","overlay-gradient":""},"mobile":{"background-color":"var(--ast-global-color-5)","background-image":"","background-repeat":"repeat","background-position":"center center","background-size":"auto","background-attachment":"scroll","background-type":"","background-media":"","overlay-type":"","overlay-color":"","overlay-opacity":"","overlay-gradient":""}},"footnotes":""},"categories":[32],"tags":[],"class_list":["post-2152","post","type-post","status-publish","format-standard","has-post-thumbnail","hentry","category-artigo"],"_links":{"self":[{"href":"https:\/\/annaosta.com.br\/site\/wp-json\/wp\/v2\/posts\/2152","targetHints":{"allow":["GET"]}}],"collection":[{"href":"https:\/\/annaosta.com.br\/site\/wp-json\/wp\/v2\/posts"}],"about":[{"href":"https:\/\/annaosta.com.br\/site\/wp-json\/wp\/v2\/types\/post"}],"author":[{"embeddable":true,"href":"https:\/\/annaosta.com.br\/site\/wp-json\/wp\/v2\/users\/2"}],"replies":[{"embeddable":true,"href":"https:\/\/annaosta.com.br\/site\/wp-json\/wp\/v2\/comments?post=2152"}],"version-history":[{"count":14,"href":"https:\/\/annaosta.com.br\/site\/wp-json\/wp\/v2\/posts\/2152\/revisions"}],"predecessor-version":[{"id":2173,"href":"https:\/\/annaosta.com.br\/site\/wp-json\/wp\/v2\/posts\/2152\/revisions\/2173"}],"wp:featuredmedia":[{"embeddable":true,"href":"https:\/\/annaosta.com.br\/site\/wp-json\/wp\/v2\/media\/2171"}],"wp:attachment":[{"href":"https:\/\/annaosta.com.br\/site\/wp-json\/wp\/v2\/media?parent=2152"}],"wp:term":[{"taxonomy":"category","embeddable":true,"href":"https:\/\/annaosta.com.br\/site\/wp-json\/wp\/v2\/categories?post=2152"},{"taxonomy":"post_tag","embeddable":true,"href":"https:\/\/annaosta.com.br\/site\/wp-json\/wp\/v2\/tags?post=2152"}],"curies":[{"name":"wp","href":"https:\/\/api.w.org\/{rel}","templated":true}]}}