{"id":2399,"date":"2023-01-05T18:30:30","date_gmt":"2023-01-05T21:30:30","guid":{"rendered":"https:\/\/annaosta.com.br\/site\/?p=2399"},"modified":"2024-05-23T09:33:25","modified_gmt":"2024-05-23T12:33:25","slug":"a-lingua-patria-expressa-a-cultura-do-nosso-tempo","status":"publish","type":"post","link":"https:\/\/annaosta.com.br\/site\/a-lingua-patria-expressa-a-cultura-do-nosso-tempo\/","title":{"rendered":"<strong><strong>A \u201cl\u00edngua p\u00e1tria\u201d expressa a cultura do nosso tempo<\/strong><\/strong>"},"content":{"rendered":"\t\t<div data-elementor-type=\"wp-post\" data-elementor-id=\"2399\" class=\"elementor elementor-2399\">\n\t\t\t\t\t\t<section class=\"elementor-section elementor-top-section elementor-element elementor-element-a43e291 elementor-section-boxed elementor-section-height-default elementor-section-height-default\" data-id=\"a43e291\" data-element_type=\"section\" data-e-type=\"section\">\n\t\t\t\t\t\t<div class=\"elementor-container elementor-column-gap-default\">\n\t\t\t\t\t<div class=\"elementor-column elementor-col-100 elementor-top-column elementor-element elementor-element-ae0734e\" data-id=\"ae0734e\" data-element_type=\"column\" data-e-type=\"column\">\n\t\t\t<div class=\"elementor-widget-wrap elementor-element-populated\">\n\t\t\t\t\t\t<div class=\"elementor-element elementor-element-2cbb23e elementor-widget elementor-widget-text-editor\" data-id=\"2cbb23e\" data-element_type=\"widget\" data-e-type=\"widget\" data-widget_type=\"text-editor.default\">\n\t\t\t\t<div class=\"elementor-widget-container\">\n\t\t\t\t\t\t\t\t\t<p><img fetchpriority=\"high\" decoding=\"async\" class=\"size-medium wp-image-2401 alignleft\" src=\"https:\/\/annaosta.com.br\/site\/wp-content\/uploads\/2023\/01\/linguagem-e-comunicacao-300x199.jpg\" alt=\"\" width=\"300\" height=\"199\" srcset=\"https:\/\/annaosta.com.br\/site\/wp-content\/uploads\/2023\/01\/linguagem-e-comunicacao-300x199.jpg 300w, https:\/\/annaosta.com.br\/site\/wp-content\/uploads\/2023\/01\/linguagem-e-comunicacao.jpg 585w\" sizes=\"(max-width: 300px) 100vw, 300px\" \/><\/p><p>Dia desses, o grupo da Academia Saltense de Letras no WhatsApp \u2013 um espa\u00e7o bastante democr\u00e1tico, onde cada um se comunica segundo sua vis\u00e3o de mundo \u2013 foi repentinamente tomado por um debate n\u00e3o planejado sobre o uso de estrangeirismos na l\u00edngua portuguesa. \u00c9 que um dos acad\u00eamicos, no af\u00e3 de \u201cdefender a l\u00edngua p\u00e1tria\u201d, exortou um confrade pelo uso da palavra <em>streaming<\/em> para se referir \u00e0 tecnologia de transmiss\u00e3o de dados em fluxo cont\u00ednuo de um servidor para um dispositivo conectado \u00e0 internet, que permite que o usu\u00e1rio acesse o conte\u00fado em uma plataforma online, sem que haja necessidade de baixar o arquivo.\u00a0<\/p><p>Em meio \u00e0 f\u00faria de \u201cdefensores da l\u00edngua p\u00e1tria\u201d e estudiosos de lingu\u00edstica que, antes de tudo, compreendem o idioma como algo vivo e em constante transforma\u00e7\u00e3o, senti-me motivada a escrever sobre essa quest\u00e3o.<\/p><p>Sim, existe uma \u201cl\u00edngua p\u00e1tria\u201d, mas ocorre que, desde os primeiros letramentos, feitos em solo brasileiro h\u00e1 quase 500 anos, a l\u00edngua portuguesa se modifica e se amplia a cada dia. Segundo Ieda Maria Alves, professora do Departamento de Letras Cl\u00e1ssicas e Vern\u00e1culas da USP, novas palavras s\u00e3o criadas diariamente e em algumas \u00e1reas, com mais movimenta\u00e7\u00e3o e criatividade de conceitos, h\u00e1 mais palavras novas do que em outras.<\/p><p>Um exemplo disso \u00e9 a \u00e1rea de tecnologia. Como h\u00e1 o desenvolvimento constante de novidades, tamb\u00e9m h\u00e1 novas palavras para dar nome a essas tecnologias. Por exemplo, h\u00e1 40 anos, n\u00e3o existiam voc\u00e1bulos como computador, clonagem, blog ou streaming.<\/p><p>Ao mesmo tempo em que v\u00e1rias palavras surgem todos os dias, muitas delas tamb\u00e9m deixam de existir logo em seguida. Para que uma palavra sobreviva, \u00e9 preciso que ela entre para o vocabul\u00e1rio de outras pessoas. Se isso n\u00e3o acontecer, ela n\u00e3o permanece. Outro caso muito comum \u00e9 de palavras que deixam de existir por falta de uso e at\u00e9 podem ser retiradas dos dicion\u00e1rios.<\/p><p>Prova disso \u00e9 que, desde 1981, a Academia Brasileira de Letras (ABL) publica, periodicamente, uma edi\u00e7\u00e3o atualizada de seu Vocabul\u00e1rio Ortogr\u00e1fico da L\u00edngua Portuguesa (Volp), mais conhecido como dicion\u00e1rio Houaiss, em homenagem ao intelectual brasileiro Ant\u00f4nio Houaiss, coordenador de sua primeira edi\u00e7\u00e3o. Atualmente, o Volp, lan\u00e7ado em 2021, lista mais de 400 mil palavras.<\/p><p>Al\u00e9m disso, a ABL apresenta toda semana em seu site uma palavra ou express\u00e3o que passou a ter uso corrente na l\u00edngua portuguesa, podendo ser um neologismo, um empr\u00e9stimo lingu\u00edstico ou mesmo um voc\u00e1bulo que, apesar de j\u00e1 existir h\u00e1 algum tempo na l\u00edngua, tem sido usado com mais frequ\u00eancia ou com um novo sentido nos dias de hoje.<\/p><p>Os acad\u00eamicos da ABL explicam sua motiva\u00e7\u00e3o: \u201cA cria\u00e7\u00e3o, o uso e a difus\u00e3o de uma nova palavra ou express\u00e3o v\u00eam da necessidade que temos de nomear algo que faz parte da nossa realidade ou que nossa intelig\u00eancia e percep\u00e7\u00e3o foram capazes de identificar com mais intensidade. Conhecer o significado de novas palavras enriquece nosso vocabul\u00e1rio e nos faz mergulhar na atmosfera intelectual em que vivemos. Mais do que isso, contribui para o pleno desenvolvimento de nossa capacidade de comunica\u00e7\u00e3o, amplia a compreens\u00e3o que temos do mundo e nos torna aptos a identificar problemas, buscar solu\u00e7\u00f5es e sermos agentes de mudan\u00e7a em prol de uma sociedade mais humana, \u00e9tica e justa\u201d.<\/p><p>Quer conhecer as palavras novas apresentadas pela Academia Brasileira de Letras? Visite o site: <a href=\"https:\/\/www.academia.org.br\/nossa-lingua\/sobre-novas-palavras\">Novas Palavras | Academia Brasileira de Letras<\/a><\/p>\t\t\t\t\t\t\t\t<\/div>\n\t\t\t\t<\/div>\n\t\t\t\t\t<\/div>\n\t\t<\/div>\n\t\t\t\t\t<\/div>\n\t\t<\/section>\n\t\t\t\t<\/div>\n\t\t","protected":false},"excerpt":{"rendered":"<p>Dia desses, o grupo da Academia Saltense de Letras no WhatsApp \u2013 um espa\u00e7o bastante democr\u00e1tico, onde cada um se comunica segundo sua vis\u00e3o de mundo \u2013 foi repentinamente tomado por um debate n\u00e3o planejado sobre o uso de estrangeirismos na l\u00edngua portuguesa. \u00c9 que um dos acad\u00eamicos, no af\u00e3 de \u201cdefender a l\u00edngua p\u00e1tria\u201d, [&hellip;]<\/p>\n","protected":false},"author":2,"featured_media":2401,"comment_status":"open","ping_status":"open","sticky":false,"template":"","format":"standard","meta":{"site-sidebar-layout":"default","site-content-layout":null,"ast-site-content-layout":"default","site-content-style":"default","site-sidebar-style":"default","ast-global-header-display":"","ast-banner-title-visibility":"","ast-main-header-display":"","ast-hfb-above-header-display":null,"ast-hfb-below-header-display":null,"ast-hfb-mobile-header-display":"","site-post-title":"","ast-breadcrumbs-content":null,"ast-featured-img":"disabled","footer-sml-layout":"","ast-disable-related-posts":"","theme-transparent-header-meta":"","adv-header-id-meta":null,"stick-header-meta":null,"header-above-stick-meta":null,"header-main-stick-meta":null,"header-below-stick-meta":null,"astra-migrate-meta-layouts":"default","ast-page-background-enabled":"default","ast-page-background-meta":{"desktop":{"background-color":"var(--ast-global-color-4)","background-image":"","background-repeat":"repeat","background-position":"center center","background-size":"auto","background-attachment":"scroll","background-type":"","background-media":"","overlay-type":"","overlay-color":"","overlay-opacity":"","overlay-gradient":""},"tablet":{"background-color":"","background-image":"","background-repeat":"repeat","background-position":"center center","background-size":"auto","background-attachment":"scroll","background-type":"","background-media":"","overlay-type":"","overlay-color":"","overlay-opacity":"","overlay-gradient":""},"mobile":{"background-color":"","background-image":"","background-repeat":"repeat","background-position":"center center","background-size":"auto","background-attachment":"scroll","background-type":"","background-media":"","overlay-type":"","overlay-color":"","overlay-opacity":"","overlay-gradient":""}},"ast-content-background-meta":{"desktop":{"background-color":"var(--ast-global-color-5)","background-image":"","background-repeat":"repeat","background-position":"center center","background-size":"auto","background-attachment":"scroll","background-type":"","background-media":"","overlay-type":"","overlay-color":"","overlay-opacity":"","overlay-gradient":""},"tablet":{"background-color":"var(--ast-global-color-5)","background-image":"","background-repeat":"repeat","background-position":"center center","background-size":"auto","background-attachment":"scroll","background-type":"","background-media":"","overlay-type":"","overlay-color":"","overlay-opacity":"","overlay-gradient":""},"mobile":{"background-color":"var(--ast-global-color-5)","background-image":"","background-repeat":"repeat","background-position":"center center","background-size":"auto","background-attachment":"scroll","background-type":"","background-media":"","overlay-type":"","overlay-color":"","overlay-opacity":"","overlay-gradient":""}},"footnotes":""},"categories":[32],"tags":[],"class_list":["post-2399","post","type-post","status-publish","format-standard","has-post-thumbnail","hentry","category-artigo"],"_links":{"self":[{"href":"https:\/\/annaosta.com.br\/site\/wp-json\/wp\/v2\/posts\/2399","targetHints":{"allow":["GET"]}}],"collection":[{"href":"https:\/\/annaosta.com.br\/site\/wp-json\/wp\/v2\/posts"}],"about":[{"href":"https:\/\/annaosta.com.br\/site\/wp-json\/wp\/v2\/types\/post"}],"author":[{"embeddable":true,"href":"https:\/\/annaosta.com.br\/site\/wp-json\/wp\/v2\/users\/2"}],"replies":[{"embeddable":true,"href":"https:\/\/annaosta.com.br\/site\/wp-json\/wp\/v2\/comments?post=2399"}],"version-history":[{"count":8,"href":"https:\/\/annaosta.com.br\/site\/wp-json\/wp\/v2\/posts\/2399\/revisions"}],"predecessor-version":[{"id":2409,"href":"https:\/\/annaosta.com.br\/site\/wp-json\/wp\/v2\/posts\/2399\/revisions\/2409"}],"wp:featuredmedia":[{"embeddable":true,"href":"https:\/\/annaosta.com.br\/site\/wp-json\/wp\/v2\/media\/2401"}],"wp:attachment":[{"href":"https:\/\/annaosta.com.br\/site\/wp-json\/wp\/v2\/media?parent=2399"}],"wp:term":[{"taxonomy":"category","embeddable":true,"href":"https:\/\/annaosta.com.br\/site\/wp-json\/wp\/v2\/categories?post=2399"},{"taxonomy":"post_tag","embeddable":true,"href":"https:\/\/annaosta.com.br\/site\/wp-json\/wp\/v2\/tags?post=2399"}],"curies":[{"name":"wp","href":"https:\/\/api.w.org\/{rel}","templated":true}]}}