{"id":2555,"date":"2023-03-21T17:15:50","date_gmt":"2023-03-21T20:15:50","guid":{"rendered":"https:\/\/annaosta.com.br\/site\/?p=2555"},"modified":"2024-05-18T09:44:44","modified_gmt":"2024-05-18T12:44:44","slug":"dia-mundial-da-poesia","status":"publish","type":"post","link":"https:\/\/annaosta.com.br\/site\/dia-mundial-da-poesia\/","title":{"rendered":"<strong><strong>Dia Mundial da Poesia<\/strong><\/strong>"},"content":{"rendered":"\t\t<div data-elementor-type=\"wp-post\" data-elementor-id=\"2555\" class=\"elementor elementor-2555\">\n\t\t\t\t\t\t<section class=\"elementor-section elementor-top-section elementor-element elementor-element-a43e291 elementor-section-boxed elementor-section-height-default elementor-section-height-default\" data-id=\"a43e291\" data-element_type=\"section\" data-e-type=\"section\">\n\t\t\t\t\t\t<div class=\"elementor-container elementor-column-gap-default\">\n\t\t\t\t\t<div class=\"elementor-column elementor-col-100 elementor-top-column elementor-element elementor-element-ae0734e\" data-id=\"ae0734e\" data-element_type=\"column\" data-e-type=\"column\">\n\t\t\t<div class=\"elementor-widget-wrap elementor-element-populated\">\n\t\t\t\t\t\t<div class=\"elementor-element elementor-element-2cbb23e elementor-widget elementor-widget-text-editor\" data-id=\"2cbb23e\" data-element_type=\"widget\" data-e-type=\"widget\" data-widget_type=\"text-editor.default\">\n\t\t\t\t<div class=\"elementor-widget-container\">\n\t\t\t\t\t\t\t\t\t<figure id=\"attachment_2557\" aria-describedby=\"caption-attachment-2557\" style=\"width: 300px\" class=\"wp-caption alignright\"><img fetchpriority=\"high\" decoding=\"async\" class=\"wp-image-2557 size-medium\" src=\"https:\/\/annaosta.com.br\/site\/wp-content\/uploads\/2023\/03\/Edward-Estlin-Cummings-e1679429921979-300x233.png\" alt=\"\" width=\"300\" height=\"233\" srcset=\"https:\/\/annaosta.com.br\/site\/wp-content\/uploads\/2023\/03\/Edward-Estlin-Cummings-e1679429921979-300x233.png 300w, https:\/\/annaosta.com.br\/site\/wp-content\/uploads\/2023\/03\/Edward-Estlin-Cummings-e1679429921979.png 583w\" sizes=\"(max-width: 300px) 100vw, 300px\" \/><figcaption id=\"caption-attachment-2557\" class=\"wp-caption-text\"><em>e. e. cummings<\/em><\/figcaption><\/figure><p>A data de 21 de mar\u00e7o foi institu\u00edda como o Dia Mundial da Poesia na 30\u00aa Confer\u00eancia Geral da UNESCO, realizada em Paris, em novembro de 1999. O objetivo foi apoiar a diversidade lingu\u00edstica por meio da express\u00e3o po\u00e9tica e promover a capacidade criativa da mente humana atrav\u00e9s dessa arte.<\/p><p>Detalhe: no Brasil comemoramos tamb\u00e9m o Dia Nacional da Poesia, em 31 de outubro, anivers\u00e1rio do poeta Carlos Drummond de Andrade. Mas at\u00e9 meados de 2015, a data era celebrada em 14 de mar\u00e7o, como homenagem ao nascimento de Castro Alves. Esclare\u00e7o isso porque ultimamente vejo muita confus\u00e3o em torno dessas datas.<\/p><p>Para comemorar o Dia Mundial da Poesia, eis o acr\u00f3stico que fiz para meu poeta favorito, o norte-americano Edward Estlin Cummings*:<\/p><p><strong>e.c.o.s&#8230;<\/strong><\/p><p><strong>e<\/strong>u carrego seu cora\u00e7\u00e3o cuidadosamente<\/p><p><strong>d<\/strong>entro do meu cora\u00e7\u00e3o \u2013 que n\u00e3o sabe pulsar sozinho<\/p><p><strong>w<\/strong> (ViVa) poeta em meu peito,<\/p><p><strong>a<\/strong>trav\u00e9s de mim e das palavras que escrevo!<\/p><p><strong>r<\/strong>evele-me a poesia e o amor<\/p><p><strong>d<\/strong>enso, que em voc\u00ea jorrava a qualquer tempo.<\/p><p>\u00a0<\/p><p><strong>e<\/strong>u carrego seu cora\u00e7\u00e3o comigo (eu o carrego no meu cora\u00e7\u00e3o)<\/p><p><strong>s<\/strong>em ocultar minha inten\u00e7\u00e3o ou meus sentimentos<\/p><p><strong>t<\/strong>amanha admira\u00e7\u00e3o e respeito que tenho,<\/p><p><strong>l<\/strong>iberta e isenta de quaisquer preconceitos!<\/p><p><strong>i<\/strong>mploro, me mostre, como fazia<\/p><p><strong>n<\/strong>a busca e no encontro com a poesia?<\/p><p>\u00a0<\/p><p><strong>c<\/strong>arrego o seu cora\u00e7\u00e3o comigo (dentro do meu cora\u00e7\u00e3o),<\/p><p><strong>\u00fa<\/strong>nica op\u00e7\u00e3o de aprendiz na busca dos passos do<\/p><p><strong>m<\/strong>estre que quebra preconceitos e cria padr\u00f5es<\/p><p><strong>m<\/strong>odernos, para \u00e9poca em que escreve,<\/p><p><strong>i<\/strong>novando a forma e alterando o ritmo<\/p><p><strong>n<\/strong>a arte da escrita po\u00e9tica,<\/p><p><strong>g<\/strong>erando um estilo<\/p><p><strong>s<\/strong>elando uma era!<\/p><p>*Nasceu em Cambridge, Massachusets, em 14 de outubro de 1894 e faleceu no estado vizinho de New Hampshire, em 3 de setembro de 1962. Estudou Latin e Grego no High School e graduou-se em Master of Arts por Harvard. Foi poeta, pintor, ensa\u00edsta, tradutor e dramaturgo.\u00a0 Durante sua vida publicou mais de 900 poemas, que come\u00e7ou a escrever ainda garoto, por volta de 8 anos. Nessa fase at\u00e9 os 22 anos, escrevia diariamente um poema exaltando o amor e a natureza. Depois, de forma ir\u00f4nica, explorou temas sobre o relacionamento do indiv\u00edduo com a sociedade e o mundo, criticando os sistemas pol\u00edtico e econ\u00f4mico e ao progresso meramente tecnol\u00f3gico. Publicou tamb\u00e9m dois romances, diversos ensaios e in\u00fameros desenhos, sketches e pinturas. \u00c9 considerado um dos principais inovadores da linguagem da poesia e da literatura no s\u00e9culo XX. Assinava com letras min\u00fasculas e. e. cummings.<\/p><p>\u00a0<\/p>\t\t\t\t\t\t\t\t<\/div>\n\t\t\t\t<\/div>\n\t\t\t\t\t<\/div>\n\t\t<\/div>\n\t\t\t\t\t<\/div>\n\t\t<\/section>\n\t\t\t\t<\/div>\n\t\t","protected":false},"excerpt":{"rendered":"<p>A data de 21 de mar\u00e7o foi institu\u00edda como o Dia Mundial da Poesia na 30\u00aa Confer\u00eancia Geral da UNESCO, realizada em Paris, em novembro de 1999. O objetivo foi apoiar a diversidade lingu\u00edstica por meio da express\u00e3o po\u00e9tica e promover a capacidade criativa da mente humana atrav\u00e9s dessa arte. Detalhe: no Brasil comemoramos tamb\u00e9m [&hellip;]<\/p>\n","protected":false},"author":2,"featured_media":2558,"comment_status":"open","ping_status":"open","sticky":false,"template":"","format":"standard","meta":{"site-sidebar-layout":"default","site-content-layout":null,"ast-site-content-layout":"default","site-content-style":"default","site-sidebar-style":"default","ast-global-header-display":"","ast-banner-title-visibility":"","ast-main-header-display":"","ast-hfb-above-header-display":null,"ast-hfb-below-header-display":null,"ast-hfb-mobile-header-display":"","site-post-title":"","ast-breadcrumbs-content":null,"ast-featured-img":"disabled","footer-sml-layout":"","ast-disable-related-posts":"","theme-transparent-header-meta":"","adv-header-id-meta":null,"stick-header-meta":null,"header-above-stick-meta":null,"header-main-stick-meta":null,"header-below-stick-meta":null,"astra-migrate-meta-layouts":"default","ast-page-background-enabled":"default","ast-page-background-meta":{"desktop":{"background-color":"var(--ast-global-color-4)","background-image":"","background-repeat":"repeat","background-position":"center center","background-size":"auto","background-attachment":"scroll","background-type":"","background-media":"","overlay-type":"","overlay-color":"","overlay-opacity":"","overlay-gradient":""},"tablet":{"background-color":"","background-image":"","background-repeat":"repeat","background-position":"center center","background-size":"auto","background-attachment":"scroll","background-type":"","background-media":"","overlay-type":"","overlay-color":"","overlay-opacity":"","overlay-gradient":""},"mobile":{"background-color":"","background-image":"","background-repeat":"repeat","background-position":"center center","background-size":"auto","background-attachment":"scroll","background-type":"","background-media":"","overlay-type":"","overlay-color":"","overlay-opacity":"","overlay-gradient":""}},"ast-content-background-meta":{"desktop":{"background-color":"var(--ast-global-color-5)","background-image":"","background-repeat":"repeat","background-position":"center center","background-size":"auto","background-attachment":"scroll","background-type":"","background-media":"","overlay-type":"","overlay-color":"","overlay-opacity":"","overlay-gradient":""},"tablet":{"background-color":"var(--ast-global-color-5)","background-image":"","background-repeat":"repeat","background-position":"center center","background-size":"auto","background-attachment":"scroll","background-type":"","background-media":"","overlay-type":"","overlay-color":"","overlay-opacity":"","overlay-gradient":""},"mobile":{"background-color":"var(--ast-global-color-5)","background-image":"","background-repeat":"repeat","background-position":"center center","background-size":"auto","background-attachment":"scroll","background-type":"","background-media":"","overlay-type":"","overlay-color":"","overlay-opacity":"","overlay-gradient":""}},"footnotes":""},"categories":[36],"tags":[],"class_list":["post-2555","post","type-post","status-publish","format-standard","has-post-thumbnail","hentry","category-poesia"],"_links":{"self":[{"href":"https:\/\/annaosta.com.br\/site\/wp-json\/wp\/v2\/posts\/2555","targetHints":{"allow":["GET"]}}],"collection":[{"href":"https:\/\/annaosta.com.br\/site\/wp-json\/wp\/v2\/posts"}],"about":[{"href":"https:\/\/annaosta.com.br\/site\/wp-json\/wp\/v2\/types\/post"}],"author":[{"embeddable":true,"href":"https:\/\/annaosta.com.br\/site\/wp-json\/wp\/v2\/users\/2"}],"replies":[{"embeddable":true,"href":"https:\/\/annaosta.com.br\/site\/wp-json\/wp\/v2\/comments?post=2555"}],"version-history":[{"count":5,"href":"https:\/\/annaosta.com.br\/site\/wp-json\/wp\/v2\/posts\/2555\/revisions"}],"predecessor-version":[{"id":2563,"href":"https:\/\/annaosta.com.br\/site\/wp-json\/wp\/v2\/posts\/2555\/revisions\/2563"}],"wp:featuredmedia":[{"embeddable":true,"href":"https:\/\/annaosta.com.br\/site\/wp-json\/wp\/v2\/media\/2558"}],"wp:attachment":[{"href":"https:\/\/annaosta.com.br\/site\/wp-json\/wp\/v2\/media?parent=2555"}],"wp:term":[{"taxonomy":"category","embeddable":true,"href":"https:\/\/annaosta.com.br\/site\/wp-json\/wp\/v2\/categories?post=2555"},{"taxonomy":"post_tag","embeddable":true,"href":"https:\/\/annaosta.com.br\/site\/wp-json\/wp\/v2\/tags?post=2555"}],"curies":[{"name":"wp","href":"https:\/\/api.w.org\/{rel}","templated":true}]}}