{"id":2795,"date":"2023-07-06T19:03:52","date_gmt":"2023-07-06T22:03:52","guid":{"rendered":"https:\/\/annaosta.com.br\/site\/?p=2795"},"modified":"2024-05-18T09:46:54","modified_gmt":"2024-05-18T12:46:54","slug":"livros-do-clube-uma-cronica-literaria","status":"publish","type":"post","link":"https:\/\/annaosta.com.br\/site\/livros-do-clube-uma-cronica-literaria\/","title":{"rendered":"<strong><strong>\u201cLivros\u201d do Clube, uma cr\u00f4nica liter\u00e1ria<\/strong><\/strong>"},"content":{"rendered":"\t\t<div data-elementor-type=\"wp-post\" data-elementor-id=\"2795\" class=\"elementor elementor-2795\">\n\t\t\t\t\t\t<section class=\"elementor-section elementor-top-section elementor-element elementor-element-4c4980b8 elementor-section-boxed elementor-section-height-default elementor-section-height-default\" data-id=\"4c4980b8\" data-element_type=\"section\" data-e-type=\"section\">\n\t\t\t\t\t\t<div class=\"elementor-container elementor-column-gap-default\">\n\t\t\t\t\t<div class=\"elementor-column elementor-col-100 elementor-top-column elementor-element elementor-element-6c9b1f28\" data-id=\"6c9b1f28\" data-element_type=\"column\" data-e-type=\"column\">\n\t\t\t<div class=\"elementor-widget-wrap elementor-element-populated\">\n\t\t\t\t\t\t<div class=\"elementor-element elementor-element-44237058 elementor-widget elementor-widget-text-editor\" data-id=\"44237058\" data-element_type=\"widget\" data-e-type=\"widget\" data-widget_type=\"text-editor.default\">\n\t\t\t\t<div class=\"elementor-widget-container\">\n\t\t\t\t\t\t\t\t\t<p>Quando a Covid-19 chegou em nossas vidas, eu precisei de <em>\u201cUma Constela\u00e7\u00e3o de Fen\u00f4menos Vitais\u201d<\/em> para encarar o que estava por vir: uso de m\u00e1scara e \u00e1lcool em gel, distanciamento social e per\u00edodos de quarentena ou lockdown. <em>\u201cE N\u00e3o Sobrou Nenhum\u201d<\/em> resqu\u00edcio de displic\u00eancia, assim que a pandemia foi decretada pela OMS &#8211; Organiza\u00e7\u00e3o Mundial da Sa\u00fade. Um tempo sombrio e de incertezas desceu sobre n\u00f3s. Era <em>\u201cA Sombra do Vento\u201d<\/em> nos a\u00e7oitando com progn\u00f3sticos alarmantes.<\/p>\n<p><img fetchpriority=\"high\" decoding=\"async\" class=\"wp-image-2815 size-large alignright\" src=\"https:\/\/annaosta.com.br\/site\/wp-content\/uploads\/2023\/07\/Cronica-literaria-1-1011x1024.png\" alt=\"\" width=\"1011\" height=\"1024\" srcset=\"https:\/\/annaosta.com.br\/site\/wp-content\/uploads\/2023\/07\/Cronica-literaria-1-1011x1024.png 1011w, https:\/\/annaosta.com.br\/site\/wp-content\/uploads\/2023\/07\/Cronica-literaria-1-296x300.png 296w, https:\/\/annaosta.com.br\/site\/wp-content\/uploads\/2023\/07\/Cronica-literaria-1-768x778.png 768w, https:\/\/annaosta.com.br\/site\/wp-content\/uploads\/2023\/07\/Cronica-literaria-1.png 1056w\" sizes=\"(max-width: 1011px) 100vw, 1011px\" \/><\/p>\n<p>\u00a0<\/p>\n<p>Eu, por minha vez, deixei de ir pessoalmente at\u00e9 <em>\u201cA Pequena Livraria dos Cora\u00e7\u00f5es Solit\u00e1rios\u201d<\/em> e passei a fazer minhas compras de forma on-line. No dia da reuni\u00e3o sobre o Livro do M\u00eas, conectei-me virtualmente com os amigos do clube de leitura e, a partir da\u00ed, esse novo formato de encontros passou a ser rotineiro.<\/p>\n<p>Confesso que, naquele momento, me senti como <em>\u201cA Paciente Silenciosa\u201d<\/em> e precisei vencer o medo e a tristeza para n\u00e3o esmorecer. Encontrei na leitura o meu melhor passatempo e devorei p\u00e1ginas e p\u00e1ginas dos livros indicados, mensalmente, pelo Clube do Livro de Salto. Apaixonada por obras cl\u00e1ssicas, com uma quedinha pela literatura russa, me surpreendi com as publica\u00e7\u00f5es dos escritores contempor\u00e2neos! E fiquei f\u00e3 de alguns deles, como Anthony Marra, Carlos Ruiz Zaf\u00f3n e Alex Michaelides.<\/p>\n<p><img decoding=\"async\" class=\"wp-image-2816 size-large alignright\" src=\"https:\/\/annaosta.com.br\/site\/wp-content\/uploads\/2023\/07\/Cronica-literaria-2-1013x1024.png\" alt=\"\" width=\"1013\" height=\"1024\" srcset=\"https:\/\/annaosta.com.br\/site\/wp-content\/uploads\/2023\/07\/Cronica-literaria-2-1013x1024.png 1013w, https:\/\/annaosta.com.br\/site\/wp-content\/uploads\/2023\/07\/Cronica-literaria-2-297x300.png 297w, https:\/\/annaosta.com.br\/site\/wp-content\/uploads\/2023\/07\/Cronica-literaria-2-768x776.png 768w, https:\/\/annaosta.com.br\/site\/wp-content\/uploads\/2023\/07\/Cronica-literaria-2.png 1056w\" sizes=\"(max-width: 1013px) 100vw, 1013px\" \/><\/p>\n<p>\u00a0<\/p>\n<p>Quando o livro indicado pelo Clube foi <em>\u201cQuero Ser Beth Levitt\u201d,<\/em> da escritora portofelicense Samanta Holtz, eu j\u00e1 vinha construindo <em>\u201cUm Caminho Para a Liberdade\u201d<\/em> liter\u00e1ria, sem volta.<\/p>\n<p>Estou convicta que essa fase pand\u00eamica ter\u00e1 fim, num futuro pr\u00f3ximo, e entrar\u00e1 para a Hist\u00f3ria da Humanidade como <em>\u201cO S\u00edmbolo Perdido\u201d<\/em> de nossa era. Antevejo, inclusive, o <em>\u201cAcerto de Contas\u201d<\/em> p\u00f3s-vacina, que faremos ao nos encontrarmos por a\u00ed. A popula\u00e7\u00e3o imunizada, ent\u00e3o, descobrir\u00e1 <em>\u201cO Segredo da Livraria de Paris\u201d<\/em> e a alegria em abra\u00e7ar at\u00e9 mesmo <em>\u201cO Homem de Giz\u201d.<\/em><\/p>\n<p>*<em>em it\u00e1lico, t\u00edtulos dos livros lidos, em ordem cronol\u00f3gica, pelos membros do Clube do Livro de Salto, no per\u00edodo de junho de 2020 a abril de 2021<\/em><\/p>\n<p><\/p>\n<div class=\"wp-block-uagb-image uagb-block-2a080bde wp-block-uagb-image--layout-default wp-block-uagb-image--effect-static wp-block-uagb-image--align-none\">\u00a0<\/div>\n<p><\/p>\t\t\t\t\t\t\t\t<\/div>\n\t\t\t\t<\/div>\n\t\t\t\t\t<\/div>\n\t\t<\/div>\n\t\t\t\t\t<\/div>\n\t\t<\/section>\n\t\t\t\t<\/div>\n\t\t","protected":false},"excerpt":{"rendered":"<p>Quando a Covid-19 chegou em nossas vidas, eu precisei de \u201cUma Constela\u00e7\u00e3o de Fen\u00f4menos Vitais\u201d para encarar o que estava por vir: uso de m\u00e1scara e \u00e1lcool em gel, distanciamento social e per\u00edodos de quarentena ou lockdown. \u201cE N\u00e3o Sobrou Nenhum\u201d resqu\u00edcio de displic\u00eancia, assim que a pandemia foi decretada pela OMS &#8211; Organiza\u00e7\u00e3o Mundial [&hellip;]<\/p>\n","protected":false},"author":2,"featured_media":2827,"comment_status":"open","ping_status":"open","sticky":false,"template":"","format":"standard","meta":{"site-sidebar-layout":"default","site-content-layout":null,"ast-site-content-layout":"default","site-content-style":"default","site-sidebar-style":"default","ast-global-header-display":"","ast-banner-title-visibility":"","ast-main-header-display":"","ast-hfb-above-header-display":null,"ast-hfb-below-header-display":null,"ast-hfb-mobile-header-display":"","site-post-title":"","ast-breadcrumbs-content":null,"ast-featured-img":"disabled","footer-sml-layout":"","ast-disable-related-posts":"","theme-transparent-header-meta":"","adv-header-id-meta":null,"stick-header-meta":null,"header-above-stick-meta":null,"header-main-stick-meta":null,"header-below-stick-meta":null,"astra-migrate-meta-layouts":"default","ast-page-background-enabled":"default","ast-page-background-meta":{"desktop":{"background-color":"var(--ast-global-color-4)","background-image":"","background-repeat":"repeat","background-position":"center center","background-size":"auto","background-attachment":"scroll","background-type":"","background-media":"","overlay-type":"","overlay-color":"","overlay-opacity":"","overlay-gradient":""},"tablet":{"background-color":"","background-image":"","background-repeat":"repeat","background-position":"center center","background-size":"auto","background-attachment":"scroll","background-type":"","background-media":"","overlay-type":"","overlay-color":"","overlay-opacity":"","overlay-gradient":""},"mobile":{"background-color":"","background-image":"","background-repeat":"repeat","background-position":"center center","background-size":"auto","background-attachment":"scroll","background-type":"","background-media":"","overlay-type":"","overlay-color":"","overlay-opacity":"","overlay-gradient":""}},"ast-content-background-meta":{"desktop":{"background-color":"var(--ast-global-color-5)","background-image":"","background-repeat":"repeat","background-position":"center center","background-size":"auto","background-attachment":"scroll","background-type":"","background-media":"","overlay-type":"","overlay-color":"","overlay-opacity":"","overlay-gradient":""},"tablet":{"background-color":"var(--ast-global-color-5)","background-image":"","background-repeat":"repeat","background-position":"center center","background-size":"auto","background-attachment":"scroll","background-type":"","background-media":"","overlay-type":"","overlay-color":"","overlay-opacity":"","overlay-gradient":""},"mobile":{"background-color":"var(--ast-global-color-5)","background-image":"","background-repeat":"repeat","background-position":"center center","background-size":"auto","background-attachment":"scroll","background-type":"","background-media":"","overlay-type":"","overlay-color":"","overlay-opacity":"","overlay-gradient":""}},"footnotes":""},"categories":[35],"tags":[],"class_list":["post-2795","post","type-post","status-publish","format-standard","has-post-thumbnail","hentry","category-cronica"],"_links":{"self":[{"href":"https:\/\/annaosta.com.br\/site\/wp-json\/wp\/v2\/posts\/2795","targetHints":{"allow":["GET"]}}],"collection":[{"href":"https:\/\/annaosta.com.br\/site\/wp-json\/wp\/v2\/posts"}],"about":[{"href":"https:\/\/annaosta.com.br\/site\/wp-json\/wp\/v2\/types\/post"}],"author":[{"embeddable":true,"href":"https:\/\/annaosta.com.br\/site\/wp-json\/wp\/v2\/users\/2"}],"replies":[{"embeddable":true,"href":"https:\/\/annaosta.com.br\/site\/wp-json\/wp\/v2\/comments?post=2795"}],"version-history":[{"count":30,"href":"https:\/\/annaosta.com.br\/site\/wp-json\/wp\/v2\/posts\/2795\/revisions"}],"predecessor-version":[{"id":2848,"href":"https:\/\/annaosta.com.br\/site\/wp-json\/wp\/v2\/posts\/2795\/revisions\/2848"}],"wp:featuredmedia":[{"embeddable":true,"href":"https:\/\/annaosta.com.br\/site\/wp-json\/wp\/v2\/media\/2827"}],"wp:attachment":[{"href":"https:\/\/annaosta.com.br\/site\/wp-json\/wp\/v2\/media?parent=2795"}],"wp:term":[{"taxonomy":"category","embeddable":true,"href":"https:\/\/annaosta.com.br\/site\/wp-json\/wp\/v2\/categories?post=2795"},{"taxonomy":"post_tag","embeddable":true,"href":"https:\/\/annaosta.com.br\/site\/wp-json\/wp\/v2\/tags?post=2795"}],"curies":[{"name":"wp","href":"https:\/\/api.w.org\/{rel}","templated":true}]}}