{"id":2871,"date":"2024-01-11T18:31:14","date_gmt":"2024-01-11T21:31:14","guid":{"rendered":"https:\/\/annaosta.com.br\/site\/?p=2871"},"modified":"2024-05-18T09:25:58","modified_gmt":"2024-05-18T12:25:58","slug":"graciliano-ramos-e-o-polemico-dominio-publico","status":"publish","type":"post","link":"https:\/\/annaosta.com.br\/site\/graciliano-ramos-e-o-polemico-dominio-publico\/","title":{"rendered":"<strong><strong>Graciliano Ramos e o pol\u00eamico dom\u00ednio p\u00fablico<\/strong><\/strong>"},"content":{"rendered":"\t\t<div data-elementor-type=\"wp-post\" data-elementor-id=\"2871\" class=\"elementor elementor-2871\">\n\t\t\t\t\t\t<section class=\"elementor-section elementor-top-section elementor-element elementor-element-a43e291 elementor-section-boxed elementor-section-height-default elementor-section-height-default\" data-id=\"a43e291\" data-element_type=\"section\" data-e-type=\"section\">\n\t\t\t\t\t\t<div class=\"elementor-container elementor-column-gap-default\">\n\t\t\t\t\t<div class=\"elementor-column elementor-col-100 elementor-top-column elementor-element elementor-element-ae0734e\" data-id=\"ae0734e\" data-element_type=\"column\" data-e-type=\"column\">\n\t\t\t<div class=\"elementor-widget-wrap elementor-element-populated\">\n\t\t\t\t\t\t<div class=\"elementor-element elementor-element-2cbb23e elementor-widget elementor-widget-text-editor\" data-id=\"2cbb23e\" data-element_type=\"widget\" data-e-type=\"widget\" data-widget_type=\"text-editor.default\">\n\t\t\t\t<div class=\"elementor-widget-container\">\n\t\t\t\t\t\t\t\t\t<figure id=\"attachment_2910\" aria-describedby=\"caption-attachment-2910\" style=\"width: 300px\" class=\"wp-caption alignleft\"><img fetchpriority=\"high\" decoding=\"async\" class=\"wp-image-2910 size-medium\" src=\"https:\/\/annaosta.com.br\/site\/wp-content\/uploads\/2024\/01\/Graciliano_Ramos-por-Hugo-Enio-Braz-300x274.jpg\" alt=\"\" width=\"300\" height=\"274\" srcset=\"https:\/\/annaosta.com.br\/site\/wp-content\/uploads\/2024\/01\/Graciliano_Ramos-por-Hugo-Enio-Braz-300x274.jpg 300w, https:\/\/annaosta.com.br\/site\/wp-content\/uploads\/2024\/01\/Graciliano_Ramos-por-Hugo-Enio-Braz-768x702.jpg 768w, https:\/\/annaosta.com.br\/site\/wp-content\/uploads\/2024\/01\/Graciliano_Ramos-por-Hugo-Enio-Braz.jpg 840w\" sizes=\"(max-width: 300px) 100vw, 300px\" \/><figcaption id=\"caption-attachment-2910\" class=\"wp-caption-text\">Graciliano por Hugo Enio Braz<\/figcaption><\/figure><p>Anualmente, um conjunto de escritores tem suas obras liberadas de direitos patrimoniais, tornando-se parte do dom\u00ednio p\u00fablico. Desde 1\u00ba de janeiro deste ano, dois celebrados escritores brasileiros, Graciliano Ramos e Jorge de Lima, encontram-se nessa condi\u00e7\u00e3o.<\/p><p>Apesar de um dos netos de Graciliano, o tamb\u00e9m escritor Ricardo Ramos Filho, ter expressado publicamente seu desgosto em rela\u00e7\u00e3o a isso, algumas editoras j\u00e1 anunciaram novas edi\u00e7\u00f5es nos primeiros dias do ano. Ele comentou: &#8220;Aceitar eu n\u00e3o aceito, mas \u00e9 a lei e tem que cumprir. Uma lei absurda&#8221;.<\/p><p>Ricardo, nascido apenas dez meses ap\u00f3s a morte do av\u00f4, tem lutado contra o dom\u00ednio p\u00fablico h\u00e1 alguns anos, buscando mudan\u00e7as na lei por meio do contato com parlamentares no Congresso, embora sem sucesso. Ele expressa apoio total \u00e0 disponibiliza\u00e7\u00e3o gratuita da obra de Graciliano para leitura, mas critica a possibilidade de comercializa\u00e7\u00e3o sem pagamento de direitos autorais, alertando para a poss\u00edvel falta de cuidado em algumas publica\u00e7\u00f5es.<\/p><p>O fato \u00e9 que a fam\u00edlia n\u00e3o tem mais controle sobre isso. Crises semelhantes provavelmente atingiram os herdeiros de in\u00fameros escritores ao redor do mundo, cujas obras agora est\u00e3o em dom\u00ednio p\u00fablico. Entre eles est\u00e3o renomados autores brasileiros como Euclides da Cunha, Jos\u00e9 de Alencar, Lima Barreto e Machado de Assis, al\u00e9m de figuras internacionais como Miguel de Cervantes, Dante Alighieri, Tolst\u00f3i, Dostoi\u00e9vski, Shakespeare, Kafka, Goethe, J\u00falio Verne e Oscar Wilde.<\/p><p>A nova investida de Ricardo Ramos Filho concentra-se na obra &#8220;Os Filhos da Coruja&#8221;, um livro in\u00e9dito \u2013 e vetado pelo pr\u00f3prio Graciliano Ramos \u2013 que s\u00f3 pode ser publicado devido ao dom\u00ednio p\u00fablico. O neto expressa surpresa e tristeza com essa edi\u00e7\u00e3o, considerando-a uma &#8220;sacanagem enorme&#8221;.<\/p><p>De acordo com a legisla\u00e7\u00e3o brasileira, os herdeiros t\u00eam plenos direitos sobre a obra de um escritor apenas nos 70 anos seguintes \u00e0 sua morte. Como Graciliano Ramos faleceu em 1953, desde 1\u00ba de janeiro, qualquer pessoa tem o direito de imprimir e vender sua pr\u00f3pria edi\u00e7\u00e3o das obras do autor.<\/p><p>O pesquisador Thiago Mio Salla, respons\u00e1vel por coordenar um projeto de publica\u00e7\u00f5es do autor que inclui material in\u00e9dito, planeja publicar at\u00e9 mesmo textos rejeitados por Graciliano devido ao grande interesse na obra do autor. J\u00e1 a editora St\u00e9phanie Roque v\u00ea as oportunidades proporcionadas pelo dom\u00ednio p\u00fablico como uma maneira de democratizar e tornar acess\u00edvel a obra do escritor alagoano, algo que, segundo ela, agradaria ao pr\u00f3prio autor.<\/p><p>O dom\u00ednio p\u00fablico teve origem na Conven\u00e7\u00e3o de Berna, promulgada em 9 de setembro de 1886, na Su\u00ed\u00e7a, e \u00e9 o documento que regula a prote\u00e7\u00e3o dos direitos autorais em todo o mundo. Cerca de 170 pa\u00edses, incluindo o Brasil, s\u00e3o signat\u00e1rios. Normalmente, uma obra entra em dom\u00ednio p\u00fablico no m\u00ednimo 50 anos ap\u00f3s a morte do autor, embora alguns pa\u00edses adotem prazos mais longos, entre 70 e 100 anos. Esses prazos referem-se apenas aos direitos patrimoniais do autor, n\u00e3o afetando os direitos morais, que s\u00e3o imprescrit\u00edveis, exigindo sempre a cita\u00e7\u00e3o do autor, independentemente de sua obra estar ou n\u00e3o em dom\u00ednio p\u00fablico.<\/p><p>Ilustra\u00e7\u00e3o da capa: Fellipe Ernesto<\/p>\t\t\t\t\t\t\t\t<\/div>\n\t\t\t\t<\/div>\n\t\t\t\t\t<\/div>\n\t\t<\/div>\n\t\t\t\t\t<\/div>\n\t\t<\/section>\n\t\t\t\t<\/div>\n\t\t","protected":false},"excerpt":{"rendered":"<p>Anualmente, um conjunto de escritores tem suas obras liberadas de direitos patrimoniais, tornando-se parte do dom\u00ednio p\u00fablico. Desde 1\u00ba de janeiro deste ano, dois celebrados escritores brasileiros, Graciliano Ramos e Jorge de Lima, encontram-se nessa condi\u00e7\u00e3o. Apesar de um dos netos de Graciliano, o tamb\u00e9m escritor Ricardo Ramos Filho, ter expressado publicamente seu desgosto em [&hellip;]<\/p>\n","protected":false},"author":2,"featured_media":2911,"comment_status":"open","ping_status":"open","sticky":false,"template":"","format":"standard","meta":{"site-sidebar-layout":"default","site-content-layout":null,"ast-site-content-layout":"default","site-content-style":"default","site-sidebar-style":"default","ast-global-header-display":"","ast-banner-title-visibility":"","ast-main-header-display":"","ast-hfb-above-header-display":null,"ast-hfb-below-header-display":null,"ast-hfb-mobile-header-display":"","site-post-title":"","ast-breadcrumbs-content":null,"ast-featured-img":"disabled","footer-sml-layout":"","ast-disable-related-posts":"","theme-transparent-header-meta":"","adv-header-id-meta":null,"stick-header-meta":null,"header-above-stick-meta":null,"header-main-stick-meta":null,"header-below-stick-meta":null,"astra-migrate-meta-layouts":"default","ast-page-background-enabled":"default","ast-page-background-meta":{"desktop":{"background-color":"var(--ast-global-color-4)","background-image":"","background-repeat":"repeat","background-position":"center center","background-size":"auto","background-attachment":"scroll","background-type":"","background-media":"","overlay-type":"","overlay-color":"","overlay-opacity":"","overlay-gradient":""},"tablet":{"background-color":"","background-image":"","background-repeat":"repeat","background-position":"center center","background-size":"auto","background-attachment":"scroll","background-type":"","background-media":"","overlay-type":"","overlay-color":"","overlay-opacity":"","overlay-gradient":""},"mobile":{"background-color":"","background-image":"","background-repeat":"repeat","background-position":"center center","background-size":"auto","background-attachment":"scroll","background-type":"","background-media":"","overlay-type":"","overlay-color":"","overlay-opacity":"","overlay-gradient":""}},"ast-content-background-meta":{"desktop":{"background-color":"var(--ast-global-color-5)","background-image":"","background-repeat":"repeat","background-position":"center center","background-size":"auto","background-attachment":"scroll","background-type":"","background-media":"","overlay-type":"","overlay-color":"","overlay-opacity":"","overlay-gradient":""},"tablet":{"background-color":"var(--ast-global-color-5)","background-image":"","background-repeat":"repeat","background-position":"center center","background-size":"auto","background-attachment":"scroll","background-type":"","background-media":"","overlay-type":"","overlay-color":"","overlay-opacity":"","overlay-gradient":""},"mobile":{"background-color":"var(--ast-global-color-5)","background-image":"","background-repeat":"repeat","background-position":"center center","background-size":"auto","background-attachment":"scroll","background-type":"","background-media":"","overlay-type":"","overlay-color":"","overlay-opacity":"","overlay-gradient":""}},"footnotes":""},"categories":[32],"tags":[],"class_list":["post-2871","post","type-post","status-publish","format-standard","has-post-thumbnail","hentry","category-artigo"],"_links":{"self":[{"href":"https:\/\/annaosta.com.br\/site\/wp-json\/wp\/v2\/posts\/2871","targetHints":{"allow":["GET"]}}],"collection":[{"href":"https:\/\/annaosta.com.br\/site\/wp-json\/wp\/v2\/posts"}],"about":[{"href":"https:\/\/annaosta.com.br\/site\/wp-json\/wp\/v2\/types\/post"}],"author":[{"embeddable":true,"href":"https:\/\/annaosta.com.br\/site\/wp-json\/wp\/v2\/users\/2"}],"replies":[{"embeddable":true,"href":"https:\/\/annaosta.com.br\/site\/wp-json\/wp\/v2\/comments?post=2871"}],"version-history":[{"count":26,"href":"https:\/\/annaosta.com.br\/site\/wp-json\/wp\/v2\/posts\/2871\/revisions"}],"predecessor-version":[{"id":2925,"href":"https:\/\/annaosta.com.br\/site\/wp-json\/wp\/v2\/posts\/2871\/revisions\/2925"}],"wp:featuredmedia":[{"embeddable":true,"href":"https:\/\/annaosta.com.br\/site\/wp-json\/wp\/v2\/media\/2911"}],"wp:attachment":[{"href":"https:\/\/annaosta.com.br\/site\/wp-json\/wp\/v2\/media?parent=2871"}],"wp:term":[{"taxonomy":"category","embeddable":true,"href":"https:\/\/annaosta.com.br\/site\/wp-json\/wp\/v2\/categories?post=2871"},{"taxonomy":"post_tag","embeddable":true,"href":"https:\/\/annaosta.com.br\/site\/wp-json\/wp\/v2\/tags?post=2871"}],"curies":[{"name":"wp","href":"https:\/\/api.w.org\/{rel}","templated":true}]}}